{"id":107997,"date":"2025-08-12T09:49:59","date_gmt":"2025-08-12T12:49:59","guid":{"rendered":"https:\/\/www.sinepe-pi.org.br\/site\/?post_type=noticias&#038;p=107997"},"modified":"2025-08-12T09:50:01","modified_gmt":"2025-08-12T12:50:01","slug":"sinepe-pi-reforca-seu-compromisso-com-a-prevencao-e-a-seguranca-nas-escolas","status":"publish","type":"noticias","link":"https:\/\/www.sinepe-pi.org.br\/site\/noticias\/sinepe-pi-reforca-seu-compromisso-com-a-prevencao-e-a-seguranca-nas-escolas\/","title":{"rendered":"SINEPE-PI refor\u00e7a seu compromisso com a preven\u00e7\u00e3o e a seguran\u00e7a nas escolas"},"content":{"rendered":"\n<p>O Dia Nacional de Seguran\u00e7a e Sa\u00fade nas Escolas, celebrado em 10 de outubro, foi institu\u00eddo pela Lei Federal n\u00ba 12.645\/2012 para refor\u00e7ar a import\u00e2ncia da preven\u00e7\u00e3o de acidentes e a promo\u00e7\u00e3o de um ambiente escolar seguro.<\/p>\n\n\n\n<p>Essa conscientiza\u00e7\u00e3o ganhou ainda mais for\u00e7a com a Lei Lucas (Lei n\u00ba 13.722\/2018), que obriga escolas p\u00fablicas e privadas de educa\u00e7\u00e3o infantil e b\u00e1sica a capacitarem seus profissionais para prestarem primeiros socorros. A lei surgiu ap\u00f3s uma trag\u00e9dia: o falecimento de Lucas Begalli, de 10 anos, v\u00edtima de asfixia mec\u00e2nica durante uma excurs\u00e3o escolar. A aus\u00eancia de atendimento r\u00e1pido e adequado evidenciou a necessidade de preparo e treinamento constantes dentro das institui\u00e7\u00f5es de ensino.<\/p>\n\n\n\n<p>Acidentes podem acontecer em qualquer momento, mas seus impactos podem ser minimizados \u2013 e at\u00e9 evitados \u2013 com a ado\u00e7\u00e3o de protocolos de seguran\u00e7a, treinamentos peri\u00f3dicos e conscientiza\u00e7\u00e3o de toda a comunidade escolar. Garantir que professores, funcion\u00e1rios e alunos saibam como agir diante de uma emerg\u00eancia \u00e9 investir diretamente na preserva\u00e7\u00e3o de vidas.<\/p>\n\n\n\n<p>O SINEPE-PI refor\u00e7a seu compromisso com a preven\u00e7\u00e3o e a seguran\u00e7a nas escolas, incentivando seus filiados a desenvolverem pr\u00e1ticas, rotinas e treinamentos que fortale\u00e7am a prote\u00e7\u00e3o dos estudantes e evitem que situa\u00e7\u00f5es como a de Lucas se repitam. Seguran\u00e7a n\u00e3o \u00e9 apenas uma obriga\u00e7\u00e3o legal, \u00e9 um dever humano e um cuidado essencial com o futuro.<\/p>\n","protected":false},"featured_media":107998,"template":"","class_list":["post-107997","noticias","type-noticias","status-publish","has-post-thumbnail","hentry"],"acf":[],"yoast_head":"<!-- This site is optimized with the Yoast SEO plugin v27.5 - https:\/\/yoast.com\/product\/yoast-seo-wordpress\/ -->\n<title>SINEPE-PI refor\u00e7a seu compromisso com a preven\u00e7\u00e3o e a seguran\u00e7a nas escolas - SINEPE-PI - Sindicato dos Estabelecimentos de Ensino do Piau\u00ed<\/title>\n<meta name=\"robots\" content=\"index, follow, max-snippet:-1, max-image-preview:large, max-video-preview:-1\" \/>\n<link rel=\"canonical\" href=\"https:\/\/www.sinepe-pi.org.br\/site\/noticias\/sinepe-pi-reforca-seu-compromisso-com-a-prevencao-e-a-seguranca-nas-escolas\/\" \/>\n<meta property=\"og:locale\" content=\"pt_BR\" \/>\n<meta property=\"og:type\" content=\"article\" \/>\n<meta property=\"og:title\" content=\"SINEPE-PI refor\u00e7a seu compromisso com a preven\u00e7\u00e3o e a seguran\u00e7a nas escolas - SINEPE-PI - Sindicato dos Estabelecimentos de Ensino do Piau\u00ed\" \/>\n<meta property=\"og:description\" content=\"O Dia Nacional de Seguran\u00e7a e Sa\u00fade nas Escolas, celebrado em 10 de outubro, foi institu\u00eddo pela Lei Federal n\u00ba 12.645\/2012 para refor\u00e7ar a import\u00e2ncia da preven\u00e7\u00e3o de acidentes e a promo\u00e7\u00e3o de um ambiente escolar seguro. Essa conscientiza\u00e7\u00e3o ganhou ainda mais for\u00e7a com a Lei Lucas (Lei n\u00ba 13.722\/2018), que obriga escolas p\u00fablicas e [&hellip;]\" \/>\n<meta property=\"og:url\" content=\"https:\/\/www.sinepe-pi.org.br\/site\/noticias\/sinepe-pi-reforca-seu-compromisso-com-a-prevencao-e-a-seguranca-nas-escolas\/\" \/>\n<meta property=\"og:site_name\" content=\"SINEPE-PI - Sindicato dos Estabelecimentos de Ensino do Piau\u00ed\" \/>\n<meta property=\"article:publisher\" content=\"https:\/\/web.facebook.com\/sinepepiaui\" \/>\n<meta property=\"article:modified_time\" content=\"2025-08-12T12:50:01+00:00\" \/>\n<meta property=\"og:image\" content=\"https:\/\/www.sinepe-pi.org.br\/site\/wp-content\/uploads\/2025\/08\/CAPA-DO-SITE.png\" \/>\n\t<meta property=\"og:image:width\" content=\"1100\" \/>\n\t<meta property=\"og:image:height\" content=\"500\" \/>\n\t<meta property=\"og:image:type\" content=\"image\/png\" \/>\n<meta name=\"twitter:card\" content=\"summary_large_image\" \/>\n<meta name=\"twitter:label1\" content=\"Est. tempo de leitura\" \/>\n\t<meta name=\"twitter:data1\" content=\"2 minutos\" \/>\n<script type=\"application\/ld+json\" class=\"yoast-schema-graph\">{\"@context\":\"https:\\\/\\\/schema.org\",\"@graph\":[{\"@type\":\"WebPage\",\"@id\":\"https:\\\/\\\/www.sinepe-pi.org.br\\\/site\\\/noticias\\\/sinepe-pi-reforca-seu-compromisso-com-a-prevencao-e-a-seguranca-nas-escolas\\\/\",\"url\":\"https:\\\/\\\/www.sinepe-pi.org.br\\\/site\\\/noticias\\\/sinepe-pi-reforca-seu-compromisso-com-a-prevencao-e-a-seguranca-nas-escolas\\\/\",\"name\":\"SINEPE-PI refor\u00e7a seu compromisso com a preven\u00e7\u00e3o e a seguran\u00e7a nas escolas - SINEPE-PI - Sindicato dos Estabelecimentos de Ensino do Piau\u00ed\",\"isPartOf\":{\"@id\":\"https:\\\/\\\/www.sinepe-pi.org.br\\\/site\\\/#website\"},\"primaryImageOfPage\":{\"@id\":\"https:\\\/\\\/www.sinepe-pi.org.br\\\/site\\\/noticias\\\/sinepe-pi-reforca-seu-compromisso-com-a-prevencao-e-a-seguranca-nas-escolas\\\/#primaryimage\"},\"image\":{\"@id\":\"https:\\\/\\\/www.sinepe-pi.org.br\\\/site\\\/noticias\\\/sinepe-pi-reforca-seu-compromisso-com-a-prevencao-e-a-seguranca-nas-escolas\\\/#primaryimage\"},\"thumbnailUrl\":\"https:\\\/\\\/www.sinepe-pi.org.br\\\/site\\\/wp-content\\\/uploads\\\/2025\\\/08\\\/CAPA-DO-SITE.png\",\"datePublished\":\"2025-08-12T12:49:59+00:00\",\"dateModified\":\"2025-08-12T12:50:01+00:00\",\"breadcrumb\":{\"@id\":\"https:\\\/\\\/www.sinepe-pi.org.br\\\/site\\\/noticias\\\/sinepe-pi-reforca-seu-compromisso-com-a-prevencao-e-a-seguranca-nas-escolas\\\/#breadcrumb\"},\"inLanguage\":\"pt-BR\",\"potentialAction\":[{\"@type\":\"ReadAction\",\"target\":[\"https:\\\/\\\/www.sinepe-pi.org.br\\\/site\\\/noticias\\\/sinepe-pi-reforca-seu-compromisso-com-a-prevencao-e-a-seguranca-nas-escolas\\\/\"]}]},{\"@type\":\"ImageObject\",\"inLanguage\":\"pt-BR\",\"@id\":\"https:\\\/\\\/www.sinepe-pi.org.br\\\/site\\\/noticias\\\/sinepe-pi-reforca-seu-compromisso-com-a-prevencao-e-a-seguranca-nas-escolas\\\/#primaryimage\",\"url\":\"https:\\\/\\\/www.sinepe-pi.org.br\\\/site\\\/wp-content\\\/uploads\\\/2025\\\/08\\\/CAPA-DO-SITE.png\",\"contentUrl\":\"https:\\\/\\\/www.sinepe-pi.org.br\\\/site\\\/wp-content\\\/uploads\\\/2025\\\/08\\\/CAPA-DO-SITE.png\",\"width\":1100,\"height\":500},{\"@type\":\"BreadcrumbList\",\"@id\":\"https:\\\/\\\/www.sinepe-pi.org.br\\\/site\\\/noticias\\\/sinepe-pi-reforca-seu-compromisso-com-a-prevencao-e-a-seguranca-nas-escolas\\\/#breadcrumb\",\"itemListElement\":[{\"@type\":\"ListItem\",\"position\":1,\"name\":\"P\u00e1gina Inicial\",\"item\":\"https:\\\/\\\/www.sinepe-pi.org.br\\\/site\\\/\"},{\"@type\":\"ListItem\",\"position\":2,\"name\":\"Noticias\",\"item\":\"https:\\\/\\\/www.sinepe-pi.org.br\\\/site\\\/noticias\\\/\"},{\"@type\":\"ListItem\",\"position\":3,\"name\":\"SINEPE-PI refor\u00e7a seu compromisso com a preven\u00e7\u00e3o e a seguran\u00e7a nas escolas\"}]},{\"@type\":\"WebSite\",\"@id\":\"https:\\\/\\\/www.sinepe-pi.org.br\\\/site\\\/#website\",\"url\":\"https:\\\/\\\/www.sinepe-pi.org.br\\\/site\\\/\",\"name\":\"SINEPE-PI - Sindicato dos Estabelecimentos de Ensino do Piau\u00ed\",\"description\":\"Constitu\u00eddo como entidade sindical em 1985, o Sindicato dos Estabelecimentos de Ensino do Estado do Piau\u00ed \u2013 SINEPE\\\/PI, tem sua sede e foro na cidade de Teresina e base territorial no Estado do Piau\u00ed, com o objetivo de organizar, representar e fortalecer as escolas e faculdades particulares do Piau\u00ed. H\u00e1 31 anos, o Sindicato \u00e9 portanto, leg\u00edtimo representante das institui\u00e7\u00f5es de ensino da rede privada nesta unidade federada.\",\"publisher\":{\"@id\":\"https:\\\/\\\/www.sinepe-pi.org.br\\\/site\\\/#organization\"},\"potentialAction\":[{\"@type\":\"SearchAction\",\"target\":{\"@type\":\"EntryPoint\",\"urlTemplate\":\"https:\\\/\\\/www.sinepe-pi.org.br\\\/site\\\/?s={search_term_string}\"},\"query-input\":{\"@type\":\"PropertyValueSpecification\",\"valueRequired\":true,\"valueName\":\"search_term_string\"}}],\"inLanguage\":\"pt-BR\"},{\"@type\":\"Organization\",\"@id\":\"https:\\\/\\\/www.sinepe-pi.org.br\\\/site\\\/#organization\",\"name\":\"Sindicato das Institui\u00e7\u00f5es de Ensino do Estado do Piau\u00ed\",\"url\":\"https:\\\/\\\/www.sinepe-pi.org.br\\\/site\\\/\",\"logo\":{\"@type\":\"ImageObject\",\"inLanguage\":\"pt-BR\",\"@id\":\"https:\\\/\\\/www.sinepe-pi.org.br\\\/site\\\/#\\\/schema\\\/logo\\\/image\\\/\",\"url\":\"https:\\\/\\\/www.sinepe-pi.org.br\\\/site\\\/wp-content\\\/uploads\\\/2022\\\/03\\\/cropped-sinepe-frente.fw_-1-1.png\",\"contentUrl\":\"https:\\\/\\\/www.sinepe-pi.org.br\\\/site\\\/wp-content\\\/uploads\\\/2022\\\/03\\\/cropped-sinepe-frente.fw_-1-1.png\",\"width\":512,\"height\":512,\"caption\":\"Sindicato das Institui\u00e7\u00f5es de Ensino do Estado do Piau\u00ed\"},\"image\":{\"@id\":\"https:\\\/\\\/www.sinepe-pi.org.br\\\/site\\\/#\\\/schema\\\/logo\\\/image\\\/\"},\"sameAs\":[\"https:\\\/\\\/web.facebook.com\\\/sinepepiaui\",\"https:\\\/\\\/www.instagram.com\\\/sinepepiaui\\\/\"]}]}<\/script>\n<!-- \/ Yoast SEO plugin. -->","yoast_head_json":{"title":"SINEPE-PI refor\u00e7a seu compromisso com a preven\u00e7\u00e3o e a seguran\u00e7a nas escolas - SINEPE-PI - Sindicato dos Estabelecimentos de Ensino do Piau\u00ed","robots":{"index":"index","follow":"follow","max-snippet":"max-snippet:-1","max-image-preview":"max-image-preview:large","max-video-preview":"max-video-preview:-1"},"canonical":"https:\/\/www.sinepe-pi.org.br\/site\/noticias\/sinepe-pi-reforca-seu-compromisso-com-a-prevencao-e-a-seguranca-nas-escolas\/","og_locale":"pt_BR","og_type":"article","og_title":"SINEPE-PI refor\u00e7a seu compromisso com a preven\u00e7\u00e3o e a seguran\u00e7a nas escolas - SINEPE-PI - Sindicato dos Estabelecimentos de Ensino do Piau\u00ed","og_description":"O Dia Nacional de Seguran\u00e7a e Sa\u00fade nas Escolas, celebrado em 10 de outubro, foi institu\u00eddo pela Lei Federal n\u00ba 12.645\/2012 para refor\u00e7ar a import\u00e2ncia da preven\u00e7\u00e3o de acidentes e a promo\u00e7\u00e3o de um ambiente escolar seguro. Essa conscientiza\u00e7\u00e3o ganhou ainda mais for\u00e7a com a Lei Lucas (Lei n\u00ba 13.722\/2018), que obriga escolas p\u00fablicas e [&hellip;]","og_url":"https:\/\/www.sinepe-pi.org.br\/site\/noticias\/sinepe-pi-reforca-seu-compromisso-com-a-prevencao-e-a-seguranca-nas-escolas\/","og_site_name":"SINEPE-PI - Sindicato dos Estabelecimentos de Ensino do Piau\u00ed","article_publisher":"https:\/\/web.facebook.com\/sinepepiaui","article_modified_time":"2025-08-12T12:50:01+00:00","og_image":[{"width":1100,"height":500,"url":"https:\/\/www.sinepe-pi.org.br\/site\/wp-content\/uploads\/2025\/08\/CAPA-DO-SITE.png","type":"image\/png"}],"twitter_card":"summary_large_image","twitter_misc":{"Est. tempo de leitura":"2 minutos"},"schema":{"@context":"https:\/\/schema.org","@graph":[{"@type":"WebPage","@id":"https:\/\/www.sinepe-pi.org.br\/site\/noticias\/sinepe-pi-reforca-seu-compromisso-com-a-prevencao-e-a-seguranca-nas-escolas\/","url":"https:\/\/www.sinepe-pi.org.br\/site\/noticias\/sinepe-pi-reforca-seu-compromisso-com-a-prevencao-e-a-seguranca-nas-escolas\/","name":"SINEPE-PI refor\u00e7a seu compromisso com a preven\u00e7\u00e3o e a seguran\u00e7a nas escolas - SINEPE-PI - Sindicato dos Estabelecimentos de Ensino do Piau\u00ed","isPartOf":{"@id":"https:\/\/www.sinepe-pi.org.br\/site\/#website"},"primaryImageOfPage":{"@id":"https:\/\/www.sinepe-pi.org.br\/site\/noticias\/sinepe-pi-reforca-seu-compromisso-com-a-prevencao-e-a-seguranca-nas-escolas\/#primaryimage"},"image":{"@id":"https:\/\/www.sinepe-pi.org.br\/site\/noticias\/sinepe-pi-reforca-seu-compromisso-com-a-prevencao-e-a-seguranca-nas-escolas\/#primaryimage"},"thumbnailUrl":"https:\/\/www.sinepe-pi.org.br\/site\/wp-content\/uploads\/2025\/08\/CAPA-DO-SITE.png","datePublished":"2025-08-12T12:49:59+00:00","dateModified":"2025-08-12T12:50:01+00:00","breadcrumb":{"@id":"https:\/\/www.sinepe-pi.org.br\/site\/noticias\/sinepe-pi-reforca-seu-compromisso-com-a-prevencao-e-a-seguranca-nas-escolas\/#breadcrumb"},"inLanguage":"pt-BR","potentialAction":[{"@type":"ReadAction","target":["https:\/\/www.sinepe-pi.org.br\/site\/noticias\/sinepe-pi-reforca-seu-compromisso-com-a-prevencao-e-a-seguranca-nas-escolas\/"]}]},{"@type":"ImageObject","inLanguage":"pt-BR","@id":"https:\/\/www.sinepe-pi.org.br\/site\/noticias\/sinepe-pi-reforca-seu-compromisso-com-a-prevencao-e-a-seguranca-nas-escolas\/#primaryimage","url":"https:\/\/www.sinepe-pi.org.br\/site\/wp-content\/uploads\/2025\/08\/CAPA-DO-SITE.png","contentUrl":"https:\/\/www.sinepe-pi.org.br\/site\/wp-content\/uploads\/2025\/08\/CAPA-DO-SITE.png","width":1100,"height":500},{"@type":"BreadcrumbList","@id":"https:\/\/www.sinepe-pi.org.br\/site\/noticias\/sinepe-pi-reforca-seu-compromisso-com-a-prevencao-e-a-seguranca-nas-escolas\/#breadcrumb","itemListElement":[{"@type":"ListItem","position":1,"name":"P\u00e1gina Inicial","item":"https:\/\/www.sinepe-pi.org.br\/site\/"},{"@type":"ListItem","position":2,"name":"Noticias","item":"https:\/\/www.sinepe-pi.org.br\/site\/noticias\/"},{"@type":"ListItem","position":3,"name":"SINEPE-PI refor\u00e7a seu compromisso com a preven\u00e7\u00e3o e a seguran\u00e7a nas escolas"}]},{"@type":"WebSite","@id":"https:\/\/www.sinepe-pi.org.br\/site\/#website","url":"https:\/\/www.sinepe-pi.org.br\/site\/","name":"SINEPE-PI - Sindicato dos Estabelecimentos de Ensino do Piau\u00ed","description":"Constitu\u00eddo como entidade sindical em 1985, o Sindicato dos Estabelecimentos de Ensino do Estado do Piau\u00ed \u2013 SINEPE\/PI, tem sua sede e foro na cidade de Teresina e base territorial no Estado do Piau\u00ed, com o objetivo de organizar, representar e fortalecer as escolas e faculdades particulares do Piau\u00ed. H\u00e1 31 anos, o Sindicato \u00e9 portanto, leg\u00edtimo representante das institui\u00e7\u00f5es de ensino da rede privada nesta unidade federada.","publisher":{"@id":"https:\/\/www.sinepe-pi.org.br\/site\/#organization"},"potentialAction":[{"@type":"SearchAction","target":{"@type":"EntryPoint","urlTemplate":"https:\/\/www.sinepe-pi.org.br\/site\/?s={search_term_string}"},"query-input":{"@type":"PropertyValueSpecification","valueRequired":true,"valueName":"search_term_string"}}],"inLanguage":"pt-BR"},{"@type":"Organization","@id":"https:\/\/www.sinepe-pi.org.br\/site\/#organization","name":"Sindicato das Institui\u00e7\u00f5es de Ensino do Estado do Piau\u00ed","url":"https:\/\/www.sinepe-pi.org.br\/site\/","logo":{"@type":"ImageObject","inLanguage":"pt-BR","@id":"https:\/\/www.sinepe-pi.org.br\/site\/#\/schema\/logo\/image\/","url":"https:\/\/www.sinepe-pi.org.br\/site\/wp-content\/uploads\/2022\/03\/cropped-sinepe-frente.fw_-1-1.png","contentUrl":"https:\/\/www.sinepe-pi.org.br\/site\/wp-content\/uploads\/2022\/03\/cropped-sinepe-frente.fw_-1-1.png","width":512,"height":512,"caption":"Sindicato das Institui\u00e7\u00f5es de Ensino do Estado do Piau\u00ed"},"image":{"@id":"https:\/\/www.sinepe-pi.org.br\/site\/#\/schema\/logo\/image\/"},"sameAs":["https:\/\/web.facebook.com\/sinepepiaui","https:\/\/www.instagram.com\/sinepepiaui\/"]}]}},"_links":{"self":[{"href":"https:\/\/www.sinepe-pi.org.br\/site\/wp-json\/wp\/v2\/noticias\/107997","targetHints":{"allow":["GET"]}}],"collection":[{"href":"https:\/\/www.sinepe-pi.org.br\/site\/wp-json\/wp\/v2\/noticias"}],"about":[{"href":"https:\/\/www.sinepe-pi.org.br\/site\/wp-json\/wp\/v2\/types\/noticias"}],"version-history":[{"count":0,"href":"https:\/\/www.sinepe-pi.org.br\/site\/wp-json\/wp\/v2\/noticias\/107997\/revisions"}],"wp:featuredmedia":[{"embeddable":true,"href":"https:\/\/www.sinepe-pi.org.br\/site\/wp-json\/wp\/v2\/media\/107998"}],"wp:attachment":[{"href":"https:\/\/www.sinepe-pi.org.br\/site\/wp-json\/wp\/v2\/media?parent=107997"}],"curies":[{"name":"wp","href":"https:\/\/api.w.org\/{rel}","templated":true}]}}