{"id":107837,"date":"2024-07-18T10:03:45","date_gmt":"2024-07-18T13:03:45","guid":{"rendered":"https:\/\/www.sinepe-pi.org.br\/site\/?post_type=noticias&#038;p=107837"},"modified":"2024-07-18T10:20:33","modified_gmt":"2024-07-18T13:20:33","slug":"presidente-do-sinepe-pi-participa-de-reuniao-da-confenen-em-brasilia","status":"publish","type":"noticias","link":"https:\/\/www.sinepe-pi.org.br\/site\/noticias\/presidente-do-sinepe-pi-participa-de-reuniao-da-confenen-em-brasilia\/","title":{"rendered":"Presidente do SINEPE-PI participa de reuni\u00e3o da CONFENEN em Bras\u00edlia"},"content":{"rendered":"\n<p>O presidente do Sindicato dos Estabelecimentos de Ensino Privado do Piau\u00ed (SINEPE-PI), Leonardo Airton, esteve presente na reuni\u00e3o do conselho de representantes da Confedera\u00e7\u00e3o Nacional dos Estabelecimentos de Ensino (CONFENEN), realizada nesta quarta-feira (17\/07), em Bras\u00edlia (DF).<\/p>\n\n\n\n<p>A reuni\u00e3o, que contou com a presen\u00e7a de autoridades locais e nacionais, assim como l\u00edderes, especialistas e gestores do setor educacional, teve como objetivo discutir quest\u00f5es sobre a educa\u00e7\u00e3o no Brasil.<\/p>\n\n\n\n<figure class=\"wp-block-image size-large\"><a href=\"https:\/\/www.sinepe-pi.org.br\/site\/wp-content\/uploads\/2024\/07\/IMG_0054.jpg\"><img fetchpriority=\"high\" decoding=\"async\" width=\"1024\" height=\"630\" src=\"https:\/\/www.sinepe-pi.org.br\/site\/wp-content\/uploads\/2024\/07\/IMG_0054-1024x630.jpg\" alt=\"\" class=\"wp-image-107838\" srcset=\"https:\/\/www.sinepe-pi.org.br\/site\/wp-content\/uploads\/2024\/07\/IMG_0054-1024x630.jpg 1024w, https:\/\/www.sinepe-pi.org.br\/site\/wp-content\/uploads\/2024\/07\/IMG_0054-300x185.jpg 300w, https:\/\/www.sinepe-pi.org.br\/site\/wp-content\/uploads\/2024\/07\/IMG_0054-768x473.jpg 768w, https:\/\/www.sinepe-pi.org.br\/site\/wp-content\/uploads\/2024\/07\/IMG_0054.jpg 1173w\" sizes=\"(max-width: 1024px) 100vw, 1024px\" \/><\/a><figcaption class=\"wp-element-caption\"><em>Reuni\u00e3o da CONFENEN em Bras\u00edlia reune autoridades, l\u00edderes, especialistas e gestores do setor educacional.<\/em><\/figcaption><\/figure>\n\n\n\n<p>O convite estendido a Leonardo Airton ressalta o reconhecimento da significativa contribui\u00e7\u00e3o do Sindicato para o cen\u00e1rio educacional do Piau\u00ed. O SINEPE-PI renova seu compromisso constante de buscar aprimoramentos e o fortalecimento do ambiente educacional no estado.<\/p>\n\n\n\n<p>Ao encerrar a reuni\u00e3o, Leonardo expressou sua gratid\u00e3o pelo convite e enfatizou a import\u00e2ncia da colabora\u00e7\u00e3o entre os sindicatos de ensino de diferentes regi\u00f5es do Brasil para o progresso da educa\u00e7\u00e3o no pa\u00eds.<\/p>\n\n\n\n<p>O SINEPE-PI desempenha um papel fundamental na defesa dos interesses das institui\u00e7\u00f5es de ensino privado no estado, buscando sempre promover a qualidade da educa\u00e7\u00e3o e aprimorar as pr\u00e1ticas pedag\u00f3gicas. A participa\u00e7\u00e3o ativa em mais uma reuni\u00e3o da CONFENEN refor\u00e7a o compromisso da entidade em contribuir para o desenvolvimento do setor educacional no Piau\u00ed e no pa\u00eds como um todo.<\/p>\n","protected":false},"featured_media":107839,"template":"","class_list":["post-107837","noticias","type-noticias","status-publish","has-post-thumbnail","hentry"],"acf":[],"yoast_head":"<!-- This site is optimized with the Yoast SEO plugin v27.5 - https:\/\/yoast.com\/product\/yoast-seo-wordpress\/ -->\n<title>Presidente do SINEPE-PI participa de reuni\u00e3o da CONFENEN em Bras\u00edlia - SINEPE-PI - Sindicato dos Estabelecimentos de Ensino do Piau\u00ed<\/title>\n<meta name=\"robots\" content=\"index, follow, max-snippet:-1, max-image-preview:large, max-video-preview:-1\" \/>\n<link rel=\"canonical\" href=\"https:\/\/www.sinepe-pi.org.br\/site\/noticias\/presidente-do-sinepe-pi-participa-de-reuniao-da-confenen-em-brasilia\/\" \/>\n<meta property=\"og:locale\" content=\"pt_BR\" \/>\n<meta property=\"og:type\" content=\"article\" \/>\n<meta property=\"og:title\" content=\"Presidente do SINEPE-PI participa de reuni\u00e3o da CONFENEN em Bras\u00edlia - SINEPE-PI - Sindicato dos Estabelecimentos de Ensino do Piau\u00ed\" \/>\n<meta property=\"og:description\" content=\"O presidente do Sindicato dos Estabelecimentos de Ensino Privado do Piau\u00ed (SINEPE-PI), Leonardo Airton, esteve presente na reuni\u00e3o do conselho de representantes da Confedera\u00e7\u00e3o Nacional dos Estabelecimentos de Ensino (CONFENEN), realizada nesta quarta-feira (17\/07), em Bras\u00edlia (DF). A reuni\u00e3o, que contou com a presen\u00e7a de autoridades locais e nacionais, assim como l\u00edderes, especialistas e gestores [&hellip;]\" \/>\n<meta property=\"og:url\" content=\"https:\/\/www.sinepe-pi.org.br\/site\/noticias\/presidente-do-sinepe-pi-participa-de-reuniao-da-confenen-em-brasilia\/\" \/>\n<meta property=\"og:site_name\" content=\"SINEPE-PI - Sindicato dos Estabelecimentos de Ensino do Piau\u00ed\" \/>\n<meta property=\"article:publisher\" content=\"https:\/\/web.facebook.com\/sinepepiaui\" \/>\n<meta property=\"article:modified_time\" content=\"2024-07-18T13:20:33+00:00\" \/>\n<meta property=\"og:image\" content=\"https:\/\/www.sinepe-pi.org.br\/site\/wp-content\/uploads\/2024\/07\/sitecerto-3.png\" \/>\n\t<meta property=\"og:image:width\" content=\"1100\" \/>\n\t<meta property=\"og:image:height\" content=\"500\" \/>\n\t<meta property=\"og:image:type\" content=\"image\/png\" \/>\n<meta name=\"twitter:card\" content=\"summary_large_image\" \/>\n<meta name=\"twitter:label1\" content=\"Est. tempo de leitura\" \/>\n\t<meta name=\"twitter:data1\" content=\"2 minutos\" \/>\n<script type=\"application\/ld+json\" class=\"yoast-schema-graph\">{\"@context\":\"https:\\\/\\\/schema.org\",\"@graph\":[{\"@type\":\"WebPage\",\"@id\":\"https:\\\/\\\/www.sinepe-pi.org.br\\\/site\\\/noticias\\\/presidente-do-sinepe-pi-participa-de-reuniao-da-confenen-em-brasilia\\\/\",\"url\":\"https:\\\/\\\/www.sinepe-pi.org.br\\\/site\\\/noticias\\\/presidente-do-sinepe-pi-participa-de-reuniao-da-confenen-em-brasilia\\\/\",\"name\":\"Presidente do SINEPE-PI participa de reuni\u00e3o da CONFENEN em Bras\u00edlia - SINEPE-PI - Sindicato dos Estabelecimentos de Ensino do Piau\u00ed\",\"isPartOf\":{\"@id\":\"https:\\\/\\\/www.sinepe-pi.org.br\\\/site\\\/#website\"},\"primaryImageOfPage\":{\"@id\":\"https:\\\/\\\/www.sinepe-pi.org.br\\\/site\\\/noticias\\\/presidente-do-sinepe-pi-participa-de-reuniao-da-confenen-em-brasilia\\\/#primaryimage\"},\"image\":{\"@id\":\"https:\\\/\\\/www.sinepe-pi.org.br\\\/site\\\/noticias\\\/presidente-do-sinepe-pi-participa-de-reuniao-da-confenen-em-brasilia\\\/#primaryimage\"},\"thumbnailUrl\":\"https:\\\/\\\/www.sinepe-pi.org.br\\\/site\\\/wp-content\\\/uploads\\\/2024\\\/07\\\/sitecerto-3.png\",\"datePublished\":\"2024-07-18T13:03:45+00:00\",\"dateModified\":\"2024-07-18T13:20:33+00:00\",\"breadcrumb\":{\"@id\":\"https:\\\/\\\/www.sinepe-pi.org.br\\\/site\\\/noticias\\\/presidente-do-sinepe-pi-participa-de-reuniao-da-confenen-em-brasilia\\\/#breadcrumb\"},\"inLanguage\":\"pt-BR\",\"potentialAction\":[{\"@type\":\"ReadAction\",\"target\":[\"https:\\\/\\\/www.sinepe-pi.org.br\\\/site\\\/noticias\\\/presidente-do-sinepe-pi-participa-de-reuniao-da-confenen-em-brasilia\\\/\"]}]},{\"@type\":\"ImageObject\",\"inLanguage\":\"pt-BR\",\"@id\":\"https:\\\/\\\/www.sinepe-pi.org.br\\\/site\\\/noticias\\\/presidente-do-sinepe-pi-participa-de-reuniao-da-confenen-em-brasilia\\\/#primaryimage\",\"url\":\"https:\\\/\\\/www.sinepe-pi.org.br\\\/site\\\/wp-content\\\/uploads\\\/2024\\\/07\\\/sitecerto-3.png\",\"contentUrl\":\"https:\\\/\\\/www.sinepe-pi.org.br\\\/site\\\/wp-content\\\/uploads\\\/2024\\\/07\\\/sitecerto-3.png\",\"width\":1100,\"height\":500},{\"@type\":\"BreadcrumbList\",\"@id\":\"https:\\\/\\\/www.sinepe-pi.org.br\\\/site\\\/noticias\\\/presidente-do-sinepe-pi-participa-de-reuniao-da-confenen-em-brasilia\\\/#breadcrumb\",\"itemListElement\":[{\"@type\":\"ListItem\",\"position\":1,\"name\":\"P\u00e1gina Inicial\",\"item\":\"https:\\\/\\\/www.sinepe-pi.org.br\\\/site\\\/\"},{\"@type\":\"ListItem\",\"position\":2,\"name\":\"Noticias\",\"item\":\"https:\\\/\\\/www.sinepe-pi.org.br\\\/site\\\/noticias\\\/\"},{\"@type\":\"ListItem\",\"position\":3,\"name\":\"Presidente do SINEPE-PI participa de reuni\u00e3o da CONFENEN em Bras\u00edlia\"}]},{\"@type\":\"WebSite\",\"@id\":\"https:\\\/\\\/www.sinepe-pi.org.br\\\/site\\\/#website\",\"url\":\"https:\\\/\\\/www.sinepe-pi.org.br\\\/site\\\/\",\"name\":\"SINEPE-PI - Sindicato dos Estabelecimentos de Ensino do Piau\u00ed\",\"description\":\"Constitu\u00eddo como entidade sindical em 1985, o Sindicato dos Estabelecimentos de Ensino do Estado do Piau\u00ed \u2013 SINEPE\\\/PI, tem sua sede e foro na cidade de Teresina e base territorial no Estado do Piau\u00ed, com o objetivo de organizar, representar e fortalecer as escolas e faculdades particulares do Piau\u00ed. H\u00e1 31 anos, o Sindicato \u00e9 portanto, leg\u00edtimo representante das institui\u00e7\u00f5es de ensino da rede privada nesta unidade federada.\",\"publisher\":{\"@id\":\"https:\\\/\\\/www.sinepe-pi.org.br\\\/site\\\/#organization\"},\"potentialAction\":[{\"@type\":\"SearchAction\",\"target\":{\"@type\":\"EntryPoint\",\"urlTemplate\":\"https:\\\/\\\/www.sinepe-pi.org.br\\\/site\\\/?s={search_term_string}\"},\"query-input\":{\"@type\":\"PropertyValueSpecification\",\"valueRequired\":true,\"valueName\":\"search_term_string\"}}],\"inLanguage\":\"pt-BR\"},{\"@type\":\"Organization\",\"@id\":\"https:\\\/\\\/www.sinepe-pi.org.br\\\/site\\\/#organization\",\"name\":\"Sindicato das Institui\u00e7\u00f5es de Ensino do Estado do Piau\u00ed\",\"url\":\"https:\\\/\\\/www.sinepe-pi.org.br\\\/site\\\/\",\"logo\":{\"@type\":\"ImageObject\",\"inLanguage\":\"pt-BR\",\"@id\":\"https:\\\/\\\/www.sinepe-pi.org.br\\\/site\\\/#\\\/schema\\\/logo\\\/image\\\/\",\"url\":\"https:\\\/\\\/www.sinepe-pi.org.br\\\/site\\\/wp-content\\\/uploads\\\/2022\\\/03\\\/cropped-sinepe-frente.fw_-1-1.png\",\"contentUrl\":\"https:\\\/\\\/www.sinepe-pi.org.br\\\/site\\\/wp-content\\\/uploads\\\/2022\\\/03\\\/cropped-sinepe-frente.fw_-1-1.png\",\"width\":512,\"height\":512,\"caption\":\"Sindicato das Institui\u00e7\u00f5es de Ensino do Estado do Piau\u00ed\"},\"image\":{\"@id\":\"https:\\\/\\\/www.sinepe-pi.org.br\\\/site\\\/#\\\/schema\\\/logo\\\/image\\\/\"},\"sameAs\":[\"https:\\\/\\\/web.facebook.com\\\/sinepepiaui\",\"https:\\\/\\\/www.instagram.com\\\/sinepepiaui\\\/\"]}]}<\/script>\n<!-- \/ Yoast SEO plugin. -->","yoast_head_json":{"title":"Presidente do SINEPE-PI participa de reuni\u00e3o da CONFENEN em Bras\u00edlia - SINEPE-PI - Sindicato dos Estabelecimentos de Ensino do Piau\u00ed","robots":{"index":"index","follow":"follow","max-snippet":"max-snippet:-1","max-image-preview":"max-image-preview:large","max-video-preview":"max-video-preview:-1"},"canonical":"https:\/\/www.sinepe-pi.org.br\/site\/noticias\/presidente-do-sinepe-pi-participa-de-reuniao-da-confenen-em-brasilia\/","og_locale":"pt_BR","og_type":"article","og_title":"Presidente do SINEPE-PI participa de reuni\u00e3o da CONFENEN em Bras\u00edlia - SINEPE-PI - Sindicato dos Estabelecimentos de Ensino do Piau\u00ed","og_description":"O presidente do Sindicato dos Estabelecimentos de Ensino Privado do Piau\u00ed (SINEPE-PI), Leonardo Airton, esteve presente na reuni\u00e3o do conselho de representantes da Confedera\u00e7\u00e3o Nacional dos Estabelecimentos de Ensino (CONFENEN), realizada nesta quarta-feira (17\/07), em Bras\u00edlia (DF). A reuni\u00e3o, que contou com a presen\u00e7a de autoridades locais e nacionais, assim como l\u00edderes, especialistas e gestores [&hellip;]","og_url":"https:\/\/www.sinepe-pi.org.br\/site\/noticias\/presidente-do-sinepe-pi-participa-de-reuniao-da-confenen-em-brasilia\/","og_site_name":"SINEPE-PI - Sindicato dos Estabelecimentos de Ensino do Piau\u00ed","article_publisher":"https:\/\/web.facebook.com\/sinepepiaui","article_modified_time":"2024-07-18T13:20:33+00:00","og_image":[{"width":1100,"height":500,"url":"https:\/\/www.sinepe-pi.org.br\/site\/wp-content\/uploads\/2024\/07\/sitecerto-3.png","type":"image\/png"}],"twitter_card":"summary_large_image","twitter_misc":{"Est. tempo de leitura":"2 minutos"},"schema":{"@context":"https:\/\/schema.org","@graph":[{"@type":"WebPage","@id":"https:\/\/www.sinepe-pi.org.br\/site\/noticias\/presidente-do-sinepe-pi-participa-de-reuniao-da-confenen-em-brasilia\/","url":"https:\/\/www.sinepe-pi.org.br\/site\/noticias\/presidente-do-sinepe-pi-participa-de-reuniao-da-confenen-em-brasilia\/","name":"Presidente do SINEPE-PI participa de reuni\u00e3o da CONFENEN em Bras\u00edlia - SINEPE-PI - Sindicato dos Estabelecimentos de Ensino do Piau\u00ed","isPartOf":{"@id":"https:\/\/www.sinepe-pi.org.br\/site\/#website"},"primaryImageOfPage":{"@id":"https:\/\/www.sinepe-pi.org.br\/site\/noticias\/presidente-do-sinepe-pi-participa-de-reuniao-da-confenen-em-brasilia\/#primaryimage"},"image":{"@id":"https:\/\/www.sinepe-pi.org.br\/site\/noticias\/presidente-do-sinepe-pi-participa-de-reuniao-da-confenen-em-brasilia\/#primaryimage"},"thumbnailUrl":"https:\/\/www.sinepe-pi.org.br\/site\/wp-content\/uploads\/2024\/07\/sitecerto-3.png","datePublished":"2024-07-18T13:03:45+00:00","dateModified":"2024-07-18T13:20:33+00:00","breadcrumb":{"@id":"https:\/\/www.sinepe-pi.org.br\/site\/noticias\/presidente-do-sinepe-pi-participa-de-reuniao-da-confenen-em-brasilia\/#breadcrumb"},"inLanguage":"pt-BR","potentialAction":[{"@type":"ReadAction","target":["https:\/\/www.sinepe-pi.org.br\/site\/noticias\/presidente-do-sinepe-pi-participa-de-reuniao-da-confenen-em-brasilia\/"]}]},{"@type":"ImageObject","inLanguage":"pt-BR","@id":"https:\/\/www.sinepe-pi.org.br\/site\/noticias\/presidente-do-sinepe-pi-participa-de-reuniao-da-confenen-em-brasilia\/#primaryimage","url":"https:\/\/www.sinepe-pi.org.br\/site\/wp-content\/uploads\/2024\/07\/sitecerto-3.png","contentUrl":"https:\/\/www.sinepe-pi.org.br\/site\/wp-content\/uploads\/2024\/07\/sitecerto-3.png","width":1100,"height":500},{"@type":"BreadcrumbList","@id":"https:\/\/www.sinepe-pi.org.br\/site\/noticias\/presidente-do-sinepe-pi-participa-de-reuniao-da-confenen-em-brasilia\/#breadcrumb","itemListElement":[{"@type":"ListItem","position":1,"name":"P\u00e1gina Inicial","item":"https:\/\/www.sinepe-pi.org.br\/site\/"},{"@type":"ListItem","position":2,"name":"Noticias","item":"https:\/\/www.sinepe-pi.org.br\/site\/noticias\/"},{"@type":"ListItem","position":3,"name":"Presidente do SINEPE-PI participa de reuni\u00e3o da CONFENEN em Bras\u00edlia"}]},{"@type":"WebSite","@id":"https:\/\/www.sinepe-pi.org.br\/site\/#website","url":"https:\/\/www.sinepe-pi.org.br\/site\/","name":"SINEPE-PI - Sindicato dos Estabelecimentos de Ensino do Piau\u00ed","description":"Constitu\u00eddo como entidade sindical em 1985, o Sindicato dos Estabelecimentos de Ensino do Estado do Piau\u00ed \u2013 SINEPE\/PI, tem sua sede e foro na cidade de Teresina e base territorial no Estado do Piau\u00ed, com o objetivo de organizar, representar e fortalecer as escolas e faculdades particulares do Piau\u00ed. H\u00e1 31 anos, o Sindicato \u00e9 portanto, leg\u00edtimo representante das institui\u00e7\u00f5es de ensino da rede privada nesta unidade federada.","publisher":{"@id":"https:\/\/www.sinepe-pi.org.br\/site\/#organization"},"potentialAction":[{"@type":"SearchAction","target":{"@type":"EntryPoint","urlTemplate":"https:\/\/www.sinepe-pi.org.br\/site\/?s={search_term_string}"},"query-input":{"@type":"PropertyValueSpecification","valueRequired":true,"valueName":"search_term_string"}}],"inLanguage":"pt-BR"},{"@type":"Organization","@id":"https:\/\/www.sinepe-pi.org.br\/site\/#organization","name":"Sindicato das Institui\u00e7\u00f5es de Ensino do Estado do Piau\u00ed","url":"https:\/\/www.sinepe-pi.org.br\/site\/","logo":{"@type":"ImageObject","inLanguage":"pt-BR","@id":"https:\/\/www.sinepe-pi.org.br\/site\/#\/schema\/logo\/image\/","url":"https:\/\/www.sinepe-pi.org.br\/site\/wp-content\/uploads\/2022\/03\/cropped-sinepe-frente.fw_-1-1.png","contentUrl":"https:\/\/www.sinepe-pi.org.br\/site\/wp-content\/uploads\/2022\/03\/cropped-sinepe-frente.fw_-1-1.png","width":512,"height":512,"caption":"Sindicato das Institui\u00e7\u00f5es de Ensino do Estado do Piau\u00ed"},"image":{"@id":"https:\/\/www.sinepe-pi.org.br\/site\/#\/schema\/logo\/image\/"},"sameAs":["https:\/\/web.facebook.com\/sinepepiaui","https:\/\/www.instagram.com\/sinepepiaui\/"]}]}},"_links":{"self":[{"href":"https:\/\/www.sinepe-pi.org.br\/site\/wp-json\/wp\/v2\/noticias\/107837","targetHints":{"allow":["GET"]}}],"collection":[{"href":"https:\/\/www.sinepe-pi.org.br\/site\/wp-json\/wp\/v2\/noticias"}],"about":[{"href":"https:\/\/www.sinepe-pi.org.br\/site\/wp-json\/wp\/v2\/types\/noticias"}],"version-history":[{"count":0,"href":"https:\/\/www.sinepe-pi.org.br\/site\/wp-json\/wp\/v2\/noticias\/107837\/revisions"}],"wp:featuredmedia":[{"embeddable":true,"href":"https:\/\/www.sinepe-pi.org.br\/site\/wp-json\/wp\/v2\/media\/107839"}],"wp:attachment":[{"href":"https:\/\/www.sinepe-pi.org.br\/site\/wp-json\/wp\/v2\/media?parent=107837"}],"curies":[{"name":"wp","href":"https:\/\/api.w.org\/{rel}","templated":true}]}}