{"id":107731,"date":"2024-03-06T08:41:40","date_gmt":"2024-03-06T11:41:40","guid":{"rendered":"https:\/\/www.sinepe-pi.org.br\/site\/?post_type=noticias&#038;p=107731"},"modified":"2024-03-06T08:51:32","modified_gmt":"2024-03-06T11:51:32","slug":"sinepe-pi-e-sedec-unem-forcas-no-programa-de-defesa-civil-na-escola","status":"publish","type":"noticias","link":"https:\/\/www.sinepe-pi.org.br\/site\/noticias\/sinepe-pi-e-sedec-unem-forcas-no-programa-de-defesa-civil-na-escola\/","title":{"rendered":"SINEPE-PI e SEDEC unem for\u00e7as no programa de Defesa Civil na Escola"},"content":{"rendered":"\n<p>Na manh\u00e3 desta ter\u00e7a-feira (05), o Sindicato dos Estabelecimentos de Ensino do Piau\u00ed (SINEPE-PI) recebeu integrantes e a Secretaria de Estado da Defesa Civil (SEDEC). No encontro, foi tra\u00e7ado um compromisso conjunto para fortalecer o Programa de Defesa Civil na Escola: Educa\u00e7\u00e3o para a Resolu\u00e7\u00e3o de Riscos e Desastres. Essa parceria estrat\u00e9gica visa criar um ambiente educacional mais resiliente, capacitando a comunidade escolar para enfrentar desafios e promover a seguran\u00e7a de todos.<\/p>\n\n\n\n<p>O SINEPE-PI, consciente da import\u00e2ncia da tem\u00e1tica, reconhece a necessidade de preparar as escolas e seus membros para lidar com situa\u00e7\u00f5es adversas. O Programa de Defesa Civil na Escola surge como uma iniciativa fundamental para educar alunos, professores e funcion\u00e1rios sobre medidas preventivas, a\u00e7\u00f5es de resposta e estrat\u00e9gias de recupera\u00e7\u00e3o diante de riscos e desastres.<\/p>\n\n\n\n<figure class=\"wp-block-image size-large\"><a href=\"https:\/\/www.sinepe-pi.org.br\/site\/wp-content\/uploads\/2024\/03\/imagem-1-1-scaled.jpeg\"><img fetchpriority=\"high\" decoding=\"async\" width=\"1024\" height=\"576\" src=\"https:\/\/www.sinepe-pi.org.br\/site\/wp-content\/uploads\/2024\/03\/imagem-1-1-1024x576.jpeg\" alt=\"sssdd\" class=\"wp-image-107732\" srcset=\"https:\/\/www.sinepe-pi.org.br\/site\/wp-content\/uploads\/2024\/03\/imagem-1-1-1024x576.jpeg 1024w, https:\/\/www.sinepe-pi.org.br\/site\/wp-content\/uploads\/2024\/03\/imagem-1-1-300x169.jpeg 300w, https:\/\/www.sinepe-pi.org.br\/site\/wp-content\/uploads\/2024\/03\/imagem-1-1-768x432.jpeg 768w, https:\/\/www.sinepe-pi.org.br\/site\/wp-content\/uploads\/2024\/03\/imagem-1-1-1536x864.jpeg 1536w, https:\/\/www.sinepe-pi.org.br\/site\/wp-content\/uploads\/2024\/03\/imagem-1-1-2048x1152.jpeg 2048w\" sizes=\"(max-width: 1024px) 100vw, 1024px\" \/><\/a><figcaption class=\"wp-element-caption\">Encontro do SINEPE-PI e SEDEC- Foto: Pedro Ferreira<\/figcaption><\/figure>\n\n\n\n<p><\/p>\n\n\n\n<p>Tiago Parente, Assessor de Rela\u00e7\u00f5es Institucionais do SINEPE-PI destacou a import\u00e2ncia desse encontro para implementar esse projeto.<\/p>\n\n\n\n<p>\u201cN\u00f3s traremos para dentro das escolas privadas, abrigidas pelo SINEPE-PI, um projeto para educar as nossas crian\u00e7as, principalmente sobre a preven\u00e7\u00e3o relacionada aos assuntos da Defesa Civil\u201d, afirmou Tiago<\/p>\n\n\n\n<p>Werton Costa, Diretor de Preven\u00e7\u00e3o e Mitiga\u00e7\u00e3o da SEDEC, destacou que a pol\u00edtica de prote\u00e7\u00e3o civil envolve v\u00e1rios entes, rep\u00fablicos e privados, e uma das estrat\u00e9gias mais eficientes das pol\u00edticas de defesa civil \u00e9 a preven\u00e7\u00e3o, e preven\u00e7\u00e3o se faz com a educa\u00e7\u00e3o.<\/p>\n\n\n\n<p>\u201c\u00c9 muito importante esse di\u00e1logo com o setor Privado da Educa\u00e7\u00e3o para parcerizar sobre a\u00e7\u00f5es preventivas, que v\u00e3o naturalmente fortalecer a linha da educa\u00e7\u00e3o para redu\u00e7\u00e3o de riscos\u201d, destacou o Diretor.<\/p>\n\n\n\n<p>O encontro entre o SINEPE-PI e a SEDEC representa um marco importante na busca por uma educa\u00e7\u00e3o mais segura e preparada. Ao unirem for\u00e7as, as duas entidades demonstram o compromisso em criar um ambiente escolar que n\u00e3o apenas proporciona conhecimento acad\u00eamico, mas tamb\u00e9m promove a seguran\u00e7a e a resili\u00eancia diante de desafios imprevis\u00edveis.<\/p>\n","protected":false},"featured_media":107724,"template":"","class_list":["post-107731","noticias","type-noticias","status-publish","has-post-thumbnail","hentry"],"acf":[],"yoast_head":"<!-- This site is optimized with the Yoast SEO plugin v27.5 - https:\/\/yoast.com\/product\/yoast-seo-wordpress\/ -->\n<title>SINEPE-PI e SEDEC unem for\u00e7as no programa de Defesa Civil na Escola - SINEPE-PI - Sindicato dos Estabelecimentos de Ensino do Piau\u00ed<\/title>\n<meta name=\"robots\" content=\"index, follow, max-snippet:-1, max-image-preview:large, max-video-preview:-1\" \/>\n<link rel=\"canonical\" href=\"https:\/\/www.sinepe-pi.org.br\/site\/noticias\/sinepe-pi-e-sedec-unem-forcas-no-programa-de-defesa-civil-na-escola\/\" \/>\n<meta property=\"og:locale\" content=\"pt_BR\" \/>\n<meta property=\"og:type\" content=\"article\" \/>\n<meta property=\"og:title\" content=\"SINEPE-PI e SEDEC unem for\u00e7as no programa de Defesa Civil na Escola - SINEPE-PI - Sindicato dos Estabelecimentos de Ensino do Piau\u00ed\" \/>\n<meta property=\"og:description\" content=\"Na manh\u00e3 desta ter\u00e7a-feira (05), o Sindicato dos Estabelecimentos de Ensino do Piau\u00ed (SINEPE-PI) recebeu integrantes e a Secretaria de Estado da Defesa Civil (SEDEC). No encontro, foi tra\u00e7ado um compromisso conjunto para fortalecer o Programa de Defesa Civil na Escola: Educa\u00e7\u00e3o para a Resolu\u00e7\u00e3o de Riscos e Desastres. Essa parceria estrat\u00e9gica visa criar um [&hellip;]\" \/>\n<meta property=\"og:url\" content=\"https:\/\/www.sinepe-pi.org.br\/site\/noticias\/sinepe-pi-e-sedec-unem-forcas-no-programa-de-defesa-civil-na-escola\/\" \/>\n<meta property=\"og:site_name\" content=\"SINEPE-PI - Sindicato dos Estabelecimentos de Ensino do Piau\u00ed\" \/>\n<meta property=\"article:publisher\" content=\"https:\/\/web.facebook.com\/sinepepiaui\" \/>\n<meta property=\"article:modified_time\" content=\"2024-03-06T11:51:32+00:00\" \/>\n<meta property=\"og:image\" content=\"https:\/\/www.sinepe-pi.org.br\/site\/wp-content\/uploads\/2024\/03\/imagem-scaled.jpeg\" \/>\n\t<meta property=\"og:image:width\" content=\"2560\" \/>\n\t<meta property=\"og:image:height\" content=\"1440\" \/>\n\t<meta property=\"og:image:type\" content=\"image\/jpeg\" \/>\n<meta name=\"twitter:card\" content=\"summary_large_image\" \/>\n<meta name=\"twitter:label1\" content=\"Est. tempo de leitura\" \/>\n\t<meta name=\"twitter:data1\" content=\"2 minutos\" \/>\n<script type=\"application\/ld+json\" class=\"yoast-schema-graph\">{\"@context\":\"https:\\\/\\\/schema.org\",\"@graph\":[{\"@type\":\"WebPage\",\"@id\":\"https:\\\/\\\/www.sinepe-pi.org.br\\\/site\\\/noticias\\\/sinepe-pi-e-sedec-unem-forcas-no-programa-de-defesa-civil-na-escola\\\/\",\"url\":\"https:\\\/\\\/www.sinepe-pi.org.br\\\/site\\\/noticias\\\/sinepe-pi-e-sedec-unem-forcas-no-programa-de-defesa-civil-na-escola\\\/\",\"name\":\"SINEPE-PI e SEDEC unem for\u00e7as no programa de Defesa Civil na Escola - SINEPE-PI - Sindicato dos Estabelecimentos de Ensino do Piau\u00ed\",\"isPartOf\":{\"@id\":\"https:\\\/\\\/www.sinepe-pi.org.br\\\/site\\\/#website\"},\"primaryImageOfPage\":{\"@id\":\"https:\\\/\\\/www.sinepe-pi.org.br\\\/site\\\/noticias\\\/sinepe-pi-e-sedec-unem-forcas-no-programa-de-defesa-civil-na-escola\\\/#primaryimage\"},\"image\":{\"@id\":\"https:\\\/\\\/www.sinepe-pi.org.br\\\/site\\\/noticias\\\/sinepe-pi-e-sedec-unem-forcas-no-programa-de-defesa-civil-na-escola\\\/#primaryimage\"},\"thumbnailUrl\":\"https:\\\/\\\/www.sinepe-pi.org.br\\\/site\\\/wp-content\\\/uploads\\\/2024\\\/03\\\/imagem-scaled.jpeg\",\"datePublished\":\"2024-03-06T11:41:40+00:00\",\"dateModified\":\"2024-03-06T11:51:32+00:00\",\"breadcrumb\":{\"@id\":\"https:\\\/\\\/www.sinepe-pi.org.br\\\/site\\\/noticias\\\/sinepe-pi-e-sedec-unem-forcas-no-programa-de-defesa-civil-na-escola\\\/#breadcrumb\"},\"inLanguage\":\"pt-BR\",\"potentialAction\":[{\"@type\":\"ReadAction\",\"target\":[\"https:\\\/\\\/www.sinepe-pi.org.br\\\/site\\\/noticias\\\/sinepe-pi-e-sedec-unem-forcas-no-programa-de-defesa-civil-na-escola\\\/\"]}]},{\"@type\":\"ImageObject\",\"inLanguage\":\"pt-BR\",\"@id\":\"https:\\\/\\\/www.sinepe-pi.org.br\\\/site\\\/noticias\\\/sinepe-pi-e-sedec-unem-forcas-no-programa-de-defesa-civil-na-escola\\\/#primaryimage\",\"url\":\"https:\\\/\\\/www.sinepe-pi.org.br\\\/site\\\/wp-content\\\/uploads\\\/2024\\\/03\\\/imagem-scaled.jpeg\",\"contentUrl\":\"https:\\\/\\\/www.sinepe-pi.org.br\\\/site\\\/wp-content\\\/uploads\\\/2024\\\/03\\\/imagem-scaled.jpeg\",\"width\":2560,\"height\":1440},{\"@type\":\"BreadcrumbList\",\"@id\":\"https:\\\/\\\/www.sinepe-pi.org.br\\\/site\\\/noticias\\\/sinepe-pi-e-sedec-unem-forcas-no-programa-de-defesa-civil-na-escola\\\/#breadcrumb\",\"itemListElement\":[{\"@type\":\"ListItem\",\"position\":1,\"name\":\"P\u00e1gina Inicial\",\"item\":\"https:\\\/\\\/www.sinepe-pi.org.br\\\/site\\\/\"},{\"@type\":\"ListItem\",\"position\":2,\"name\":\"Noticias\",\"item\":\"https:\\\/\\\/www.sinepe-pi.org.br\\\/site\\\/noticias\\\/\"},{\"@type\":\"ListItem\",\"position\":3,\"name\":\"SINEPE-PI e SEDEC unem for\u00e7as no programa de Defesa Civil na Escola\"}]},{\"@type\":\"WebSite\",\"@id\":\"https:\\\/\\\/www.sinepe-pi.org.br\\\/site\\\/#website\",\"url\":\"https:\\\/\\\/www.sinepe-pi.org.br\\\/site\\\/\",\"name\":\"SINEPE-PI - Sindicato dos Estabelecimentos de Ensino do Piau\u00ed\",\"description\":\"Constitu\u00eddo como entidade sindical em 1985, o Sindicato dos Estabelecimentos de Ensino do Estado do Piau\u00ed \u2013 SINEPE\\\/PI, tem sua sede e foro na cidade de Teresina e base territorial no Estado do Piau\u00ed, com o objetivo de organizar, representar e fortalecer as escolas e faculdades particulares do Piau\u00ed. H\u00e1 31 anos, o Sindicato \u00e9 portanto, leg\u00edtimo representante das institui\u00e7\u00f5es de ensino da rede privada nesta unidade federada.\",\"publisher\":{\"@id\":\"https:\\\/\\\/www.sinepe-pi.org.br\\\/site\\\/#organization\"},\"potentialAction\":[{\"@type\":\"SearchAction\",\"target\":{\"@type\":\"EntryPoint\",\"urlTemplate\":\"https:\\\/\\\/www.sinepe-pi.org.br\\\/site\\\/?s={search_term_string}\"},\"query-input\":{\"@type\":\"PropertyValueSpecification\",\"valueRequired\":true,\"valueName\":\"search_term_string\"}}],\"inLanguage\":\"pt-BR\"},{\"@type\":\"Organization\",\"@id\":\"https:\\\/\\\/www.sinepe-pi.org.br\\\/site\\\/#organization\",\"name\":\"Sindicato das Institui\u00e7\u00f5es de Ensino do Estado do Piau\u00ed\",\"url\":\"https:\\\/\\\/www.sinepe-pi.org.br\\\/site\\\/\",\"logo\":{\"@type\":\"ImageObject\",\"inLanguage\":\"pt-BR\",\"@id\":\"https:\\\/\\\/www.sinepe-pi.org.br\\\/site\\\/#\\\/schema\\\/logo\\\/image\\\/\",\"url\":\"https:\\\/\\\/www.sinepe-pi.org.br\\\/site\\\/wp-content\\\/uploads\\\/2022\\\/03\\\/cropped-sinepe-frente.fw_-1-1.png\",\"contentUrl\":\"https:\\\/\\\/www.sinepe-pi.org.br\\\/site\\\/wp-content\\\/uploads\\\/2022\\\/03\\\/cropped-sinepe-frente.fw_-1-1.png\",\"width\":512,\"height\":512,\"caption\":\"Sindicato das Institui\u00e7\u00f5es de Ensino do Estado do Piau\u00ed\"},\"image\":{\"@id\":\"https:\\\/\\\/www.sinepe-pi.org.br\\\/site\\\/#\\\/schema\\\/logo\\\/image\\\/\"},\"sameAs\":[\"https:\\\/\\\/web.facebook.com\\\/sinepepiaui\",\"https:\\\/\\\/www.instagram.com\\\/sinepepiaui\\\/\"]}]}<\/script>\n<!-- \/ Yoast SEO plugin. -->","yoast_head_json":{"title":"SINEPE-PI e SEDEC unem for\u00e7as no programa de Defesa Civil na Escola - SINEPE-PI - Sindicato dos Estabelecimentos de Ensino do Piau\u00ed","robots":{"index":"index","follow":"follow","max-snippet":"max-snippet:-1","max-image-preview":"max-image-preview:large","max-video-preview":"max-video-preview:-1"},"canonical":"https:\/\/www.sinepe-pi.org.br\/site\/noticias\/sinepe-pi-e-sedec-unem-forcas-no-programa-de-defesa-civil-na-escola\/","og_locale":"pt_BR","og_type":"article","og_title":"SINEPE-PI e SEDEC unem for\u00e7as no programa de Defesa Civil na Escola - SINEPE-PI - Sindicato dos Estabelecimentos de Ensino do Piau\u00ed","og_description":"Na manh\u00e3 desta ter\u00e7a-feira (05), o Sindicato dos Estabelecimentos de Ensino do Piau\u00ed (SINEPE-PI) recebeu integrantes e a Secretaria de Estado da Defesa Civil (SEDEC). No encontro, foi tra\u00e7ado um compromisso conjunto para fortalecer o Programa de Defesa Civil na Escola: Educa\u00e7\u00e3o para a Resolu\u00e7\u00e3o de Riscos e Desastres. Essa parceria estrat\u00e9gica visa criar um [&hellip;]","og_url":"https:\/\/www.sinepe-pi.org.br\/site\/noticias\/sinepe-pi-e-sedec-unem-forcas-no-programa-de-defesa-civil-na-escola\/","og_site_name":"SINEPE-PI - Sindicato dos Estabelecimentos de Ensino do Piau\u00ed","article_publisher":"https:\/\/web.facebook.com\/sinepepiaui","article_modified_time":"2024-03-06T11:51:32+00:00","og_image":[{"width":2560,"height":1440,"url":"https:\/\/www.sinepe-pi.org.br\/site\/wp-content\/uploads\/2024\/03\/imagem-scaled.jpeg","type":"image\/jpeg"}],"twitter_card":"summary_large_image","twitter_misc":{"Est. tempo de leitura":"2 minutos"},"schema":{"@context":"https:\/\/schema.org","@graph":[{"@type":"WebPage","@id":"https:\/\/www.sinepe-pi.org.br\/site\/noticias\/sinepe-pi-e-sedec-unem-forcas-no-programa-de-defesa-civil-na-escola\/","url":"https:\/\/www.sinepe-pi.org.br\/site\/noticias\/sinepe-pi-e-sedec-unem-forcas-no-programa-de-defesa-civil-na-escola\/","name":"SINEPE-PI e SEDEC unem for\u00e7as no programa de Defesa Civil na Escola - SINEPE-PI - Sindicato dos Estabelecimentos de Ensino do Piau\u00ed","isPartOf":{"@id":"https:\/\/www.sinepe-pi.org.br\/site\/#website"},"primaryImageOfPage":{"@id":"https:\/\/www.sinepe-pi.org.br\/site\/noticias\/sinepe-pi-e-sedec-unem-forcas-no-programa-de-defesa-civil-na-escola\/#primaryimage"},"image":{"@id":"https:\/\/www.sinepe-pi.org.br\/site\/noticias\/sinepe-pi-e-sedec-unem-forcas-no-programa-de-defesa-civil-na-escola\/#primaryimage"},"thumbnailUrl":"https:\/\/www.sinepe-pi.org.br\/site\/wp-content\/uploads\/2024\/03\/imagem-scaled.jpeg","datePublished":"2024-03-06T11:41:40+00:00","dateModified":"2024-03-06T11:51:32+00:00","breadcrumb":{"@id":"https:\/\/www.sinepe-pi.org.br\/site\/noticias\/sinepe-pi-e-sedec-unem-forcas-no-programa-de-defesa-civil-na-escola\/#breadcrumb"},"inLanguage":"pt-BR","potentialAction":[{"@type":"ReadAction","target":["https:\/\/www.sinepe-pi.org.br\/site\/noticias\/sinepe-pi-e-sedec-unem-forcas-no-programa-de-defesa-civil-na-escola\/"]}]},{"@type":"ImageObject","inLanguage":"pt-BR","@id":"https:\/\/www.sinepe-pi.org.br\/site\/noticias\/sinepe-pi-e-sedec-unem-forcas-no-programa-de-defesa-civil-na-escola\/#primaryimage","url":"https:\/\/www.sinepe-pi.org.br\/site\/wp-content\/uploads\/2024\/03\/imagem-scaled.jpeg","contentUrl":"https:\/\/www.sinepe-pi.org.br\/site\/wp-content\/uploads\/2024\/03\/imagem-scaled.jpeg","width":2560,"height":1440},{"@type":"BreadcrumbList","@id":"https:\/\/www.sinepe-pi.org.br\/site\/noticias\/sinepe-pi-e-sedec-unem-forcas-no-programa-de-defesa-civil-na-escola\/#breadcrumb","itemListElement":[{"@type":"ListItem","position":1,"name":"P\u00e1gina Inicial","item":"https:\/\/www.sinepe-pi.org.br\/site\/"},{"@type":"ListItem","position":2,"name":"Noticias","item":"https:\/\/www.sinepe-pi.org.br\/site\/noticias\/"},{"@type":"ListItem","position":3,"name":"SINEPE-PI e SEDEC unem for\u00e7as no programa de Defesa Civil na Escola"}]},{"@type":"WebSite","@id":"https:\/\/www.sinepe-pi.org.br\/site\/#website","url":"https:\/\/www.sinepe-pi.org.br\/site\/","name":"SINEPE-PI - Sindicato dos Estabelecimentos de Ensino do Piau\u00ed","description":"Constitu\u00eddo como entidade sindical em 1985, o Sindicato dos Estabelecimentos de Ensino do Estado do Piau\u00ed \u2013 SINEPE\/PI, tem sua sede e foro na cidade de Teresina e base territorial no Estado do Piau\u00ed, com o objetivo de organizar, representar e fortalecer as escolas e faculdades particulares do Piau\u00ed. H\u00e1 31 anos, o Sindicato \u00e9 portanto, leg\u00edtimo representante das institui\u00e7\u00f5es de ensino da rede privada nesta unidade federada.","publisher":{"@id":"https:\/\/www.sinepe-pi.org.br\/site\/#organization"},"potentialAction":[{"@type":"SearchAction","target":{"@type":"EntryPoint","urlTemplate":"https:\/\/www.sinepe-pi.org.br\/site\/?s={search_term_string}"},"query-input":{"@type":"PropertyValueSpecification","valueRequired":true,"valueName":"search_term_string"}}],"inLanguage":"pt-BR"},{"@type":"Organization","@id":"https:\/\/www.sinepe-pi.org.br\/site\/#organization","name":"Sindicato das Institui\u00e7\u00f5es de Ensino do Estado do Piau\u00ed","url":"https:\/\/www.sinepe-pi.org.br\/site\/","logo":{"@type":"ImageObject","inLanguage":"pt-BR","@id":"https:\/\/www.sinepe-pi.org.br\/site\/#\/schema\/logo\/image\/","url":"https:\/\/www.sinepe-pi.org.br\/site\/wp-content\/uploads\/2022\/03\/cropped-sinepe-frente.fw_-1-1.png","contentUrl":"https:\/\/www.sinepe-pi.org.br\/site\/wp-content\/uploads\/2022\/03\/cropped-sinepe-frente.fw_-1-1.png","width":512,"height":512,"caption":"Sindicato das Institui\u00e7\u00f5es de Ensino do Estado do Piau\u00ed"},"image":{"@id":"https:\/\/www.sinepe-pi.org.br\/site\/#\/schema\/logo\/image\/"},"sameAs":["https:\/\/web.facebook.com\/sinepepiaui","https:\/\/www.instagram.com\/sinepepiaui\/"]}]}},"_links":{"self":[{"href":"https:\/\/www.sinepe-pi.org.br\/site\/wp-json\/wp\/v2\/noticias\/107731","targetHints":{"allow":["GET"]}}],"collection":[{"href":"https:\/\/www.sinepe-pi.org.br\/site\/wp-json\/wp\/v2\/noticias"}],"about":[{"href":"https:\/\/www.sinepe-pi.org.br\/site\/wp-json\/wp\/v2\/types\/noticias"}],"version-history":[{"count":0,"href":"https:\/\/www.sinepe-pi.org.br\/site\/wp-json\/wp\/v2\/noticias\/107731\/revisions"}],"wp:featuredmedia":[{"embeddable":true,"href":"https:\/\/www.sinepe-pi.org.br\/site\/wp-json\/wp\/v2\/media\/107724"}],"wp:attachment":[{"href":"https:\/\/www.sinepe-pi.org.br\/site\/wp-json\/wp\/v2\/media?parent=107731"}],"curies":[{"name":"wp","href":"https:\/\/api.w.org\/{rel}","templated":true}]}}