{"id":107231,"date":"2023-03-24T12:57:36","date_gmt":"2023-03-24T15:57:36","guid":{"rendered":"https:\/\/www.sinepe-pi.org.br\/site\/?post_type=noticias&#038;p=107231"},"modified":"2023-03-24T12:57:40","modified_gmt":"2023-03-24T15:57:40","slug":"sinepe-pi-discute-convencao-coletiva-de-trabalho-e-programa-educacional-de-resistencia-as-drogas-em-assembleia-geral","status":"publish","type":"noticias","link":"https:\/\/www.sinepe-pi.org.br\/site\/noticias\/sinepe-pi-discute-convencao-coletiva-de-trabalho-e-programa-educacional-de-resistencia-as-drogas-em-assembleia-geral\/","title":{"rendered":"SINEPE-PI discute Conven\u00e7\u00e3o Coletiva de Trabalho e Programa Educacional de Resist\u00eancia \u00e0s Drogas em Assembleia Geral"},"content":{"rendered":"\n<p>Na noite desta quinta-feira (23), o Sindicato dos Estabelecimentos de Ensino do Estado do Piau\u00ed (SINEPE-PI) realizou a segunda Assembleia Geral de 2023. Durante a reuni\u00e3o, foram discutidos diversos temas, incluindo a Conven\u00e7\u00e3o Coletiva de Trabalho para o per\u00edodo de 2023 a 2024, o relato do presidente sobre sua participa\u00e7\u00e3o na reuni\u00e3o mensal da CONFENEN ocorrida em 15\/03, e outros assuntos de interesse da categoria econ\u00f4mica.<\/p>\n\n\n\n<p>Al\u00e9m disso, foi apresentado o projeto do Programa Educacional de Resist\u00eancia \u00e0s Drogas e \u00e0 Viol\u00eancia (PROERD), realizado em parceria com a Pol\u00edcia Militar do Piau\u00ed. O programa \u00e9 desenvolvido em algumas escolas do estado, por meio da parceria entre escolas, pol\u00edcia militar e fam\u00edlias, com a participa\u00e7\u00e3o de professores, alunos, policiais e pais interagindo pedagogicamente no processo de ensino e aprendizagem. O objetivo do programa \u00e9 formar uma rede protetiva extracurricular para potencializar grupos sociais sadios, buscando a perspectiva de um futuro digno sem drogas e viol\u00eancia.<\/p>\n\n\n\n<p><a href=\"https:\/\/www.sinepe-pi.org.br\/site\/galeradefotos\/sinepe-pi-discute-convencao-coletiva-de-trabalho-e-programa-educacional-de-resistencia-as-drogas-em-assembleia-geral\/\">Veja as fotos do evento.<\/a><\/p>\n\n\n\n<p>Se voc\u00ea \u00e9 propriet\u00e1rio ou gestor de uma institui\u00e7\u00e3o de ensino particular no Piau\u00ed, saiba que pode contar com todo o suporte necess\u00e1rio ao associar-se ao SINEPE-PI. Al\u00e9m de receber aux\u00edlio em diversas \u00e1reas, desde quest\u00f5es pedag\u00f3gicas at\u00e9 assuntos jur\u00eddicos, a filia\u00e7\u00e3o traz mais seguran\u00e7a aos pais e alunos, que t\u00eam a garantia de que a escola est\u00e1 comprometida com a qualidade do ensino. N\u00e3o perca mais tempo e filie-se j\u00e1!<\/p>\n\n\n\n<p>Acompanhe nossas a\u00e7\u00f5es e novidades nas redes sociais:<br>Instagram: <a href=\"https:\/\/www.instagram.com\/sinepepiaui\/\">@sinepepiaui<\/a><br>Facebook:<a href=\"https:\/\/web.facebook.com\/sinepepiaui\"> SINEPE-PI<\/a><br>Acesse tamb\u00e9m nosso site para mais informa\u00e7\u00f5es: <a href=\"https:\/\/www.sinepe-pi.org.br\/site\/\">sinepe-pi.org.br<\/a>.<\/p>\n","protected":false},"featured_media":107232,"template":"","class_list":["post-107231","noticias","type-noticias","status-publish","has-post-thumbnail","hentry"],"acf":[],"yoast_head":"<!-- This site is optimized with the Yoast SEO plugin v27.5 - https:\/\/yoast.com\/product\/yoast-seo-wordpress\/ -->\n<title>SINEPE-PI discute Conven\u00e7\u00e3o Coletiva de Trabalho e Programa Educacional de Resist\u00eancia \u00e0s Drogas em Assembleia Geral - SINEPE-PI - Sindicato dos Estabelecimentos de Ensino do Piau\u00ed<\/title>\n<meta name=\"robots\" content=\"index, follow, max-snippet:-1, max-image-preview:large, max-video-preview:-1\" \/>\n<link rel=\"canonical\" href=\"https:\/\/www.sinepe-pi.org.br\/site\/noticias\/sinepe-pi-discute-convencao-coletiva-de-trabalho-e-programa-educacional-de-resistencia-as-drogas-em-assembleia-geral\/\" \/>\n<meta property=\"og:locale\" content=\"pt_BR\" \/>\n<meta property=\"og:type\" content=\"article\" \/>\n<meta property=\"og:title\" content=\"SINEPE-PI discute Conven\u00e7\u00e3o Coletiva de Trabalho e Programa Educacional de Resist\u00eancia \u00e0s Drogas em Assembleia Geral - SINEPE-PI - Sindicato dos Estabelecimentos de Ensino do Piau\u00ed\" \/>\n<meta property=\"og:description\" content=\"Na noite desta quinta-feira (23), o Sindicato dos Estabelecimentos de Ensino do Estado do Piau\u00ed (SINEPE-PI) realizou a segunda Assembleia Geral de 2023. Durante a reuni\u00e3o, foram discutidos diversos temas, incluindo a Conven\u00e7\u00e3o Coletiva de Trabalho para o per\u00edodo de 2023 a 2024, o relato do presidente sobre sua participa\u00e7\u00e3o na reuni\u00e3o mensal da CONFENEN [&hellip;]\" \/>\n<meta property=\"og:url\" content=\"https:\/\/www.sinepe-pi.org.br\/site\/noticias\/sinepe-pi-discute-convencao-coletiva-de-trabalho-e-programa-educacional-de-resistencia-as-drogas-em-assembleia-geral\/\" \/>\n<meta property=\"og:site_name\" content=\"SINEPE-PI - Sindicato dos Estabelecimentos de Ensino do Piau\u00ed\" \/>\n<meta property=\"article:publisher\" content=\"https:\/\/web.facebook.com\/sinepepiaui\" \/>\n<meta property=\"article:modified_time\" content=\"2023-03-24T15:57:40+00:00\" \/>\n<meta property=\"og:image\" content=\"https:\/\/www.sinepe-pi.org.br\/site\/wp-content\/uploads\/2023\/03\/sitecerto-1.png\" \/>\n\t<meta property=\"og:image:width\" content=\"1100\" \/>\n\t<meta property=\"og:image:height\" content=\"500\" \/>\n\t<meta property=\"og:image:type\" content=\"image\/png\" \/>\n<meta name=\"twitter:card\" content=\"summary_large_image\" \/>\n<meta name=\"twitter:label1\" content=\"Est. tempo de leitura\" \/>\n\t<meta name=\"twitter:data1\" content=\"2 minutos\" \/>\n<script type=\"application\/ld+json\" class=\"yoast-schema-graph\">{\"@context\":\"https:\\\/\\\/schema.org\",\"@graph\":[{\"@type\":\"WebPage\",\"@id\":\"https:\\\/\\\/www.sinepe-pi.org.br\\\/site\\\/noticias\\\/sinepe-pi-discute-convencao-coletiva-de-trabalho-e-programa-educacional-de-resistencia-as-drogas-em-assembleia-geral\\\/\",\"url\":\"https:\\\/\\\/www.sinepe-pi.org.br\\\/site\\\/noticias\\\/sinepe-pi-discute-convencao-coletiva-de-trabalho-e-programa-educacional-de-resistencia-as-drogas-em-assembleia-geral\\\/\",\"name\":\"SINEPE-PI discute Conven\u00e7\u00e3o Coletiva de Trabalho e Programa Educacional de Resist\u00eancia \u00e0s Drogas em Assembleia Geral - SINEPE-PI - Sindicato dos Estabelecimentos de Ensino do Piau\u00ed\",\"isPartOf\":{\"@id\":\"https:\\\/\\\/www.sinepe-pi.org.br\\\/site\\\/#website\"},\"primaryImageOfPage\":{\"@id\":\"https:\\\/\\\/www.sinepe-pi.org.br\\\/site\\\/noticias\\\/sinepe-pi-discute-convencao-coletiva-de-trabalho-e-programa-educacional-de-resistencia-as-drogas-em-assembleia-geral\\\/#primaryimage\"},\"image\":{\"@id\":\"https:\\\/\\\/www.sinepe-pi.org.br\\\/site\\\/noticias\\\/sinepe-pi-discute-convencao-coletiva-de-trabalho-e-programa-educacional-de-resistencia-as-drogas-em-assembleia-geral\\\/#primaryimage\"},\"thumbnailUrl\":\"https:\\\/\\\/www.sinepe-pi.org.br\\\/site\\\/wp-content\\\/uploads\\\/2023\\\/03\\\/sitecerto-1.png\",\"datePublished\":\"2023-03-24T15:57:36+00:00\",\"dateModified\":\"2023-03-24T15:57:40+00:00\",\"breadcrumb\":{\"@id\":\"https:\\\/\\\/www.sinepe-pi.org.br\\\/site\\\/noticias\\\/sinepe-pi-discute-convencao-coletiva-de-trabalho-e-programa-educacional-de-resistencia-as-drogas-em-assembleia-geral\\\/#breadcrumb\"},\"inLanguage\":\"pt-BR\",\"potentialAction\":[{\"@type\":\"ReadAction\",\"target\":[\"https:\\\/\\\/www.sinepe-pi.org.br\\\/site\\\/noticias\\\/sinepe-pi-discute-convencao-coletiva-de-trabalho-e-programa-educacional-de-resistencia-as-drogas-em-assembleia-geral\\\/\"]}]},{\"@type\":\"ImageObject\",\"inLanguage\":\"pt-BR\",\"@id\":\"https:\\\/\\\/www.sinepe-pi.org.br\\\/site\\\/noticias\\\/sinepe-pi-discute-convencao-coletiva-de-trabalho-e-programa-educacional-de-resistencia-as-drogas-em-assembleia-geral\\\/#primaryimage\",\"url\":\"https:\\\/\\\/www.sinepe-pi.org.br\\\/site\\\/wp-content\\\/uploads\\\/2023\\\/03\\\/sitecerto-1.png\",\"contentUrl\":\"https:\\\/\\\/www.sinepe-pi.org.br\\\/site\\\/wp-content\\\/uploads\\\/2023\\\/03\\\/sitecerto-1.png\",\"width\":1100,\"height\":500},{\"@type\":\"BreadcrumbList\",\"@id\":\"https:\\\/\\\/www.sinepe-pi.org.br\\\/site\\\/noticias\\\/sinepe-pi-discute-convencao-coletiva-de-trabalho-e-programa-educacional-de-resistencia-as-drogas-em-assembleia-geral\\\/#breadcrumb\",\"itemListElement\":[{\"@type\":\"ListItem\",\"position\":1,\"name\":\"P\u00e1gina Inicial\",\"item\":\"https:\\\/\\\/www.sinepe-pi.org.br\\\/site\\\/\"},{\"@type\":\"ListItem\",\"position\":2,\"name\":\"Noticias\",\"item\":\"https:\\\/\\\/www.sinepe-pi.org.br\\\/site\\\/noticias\\\/\"},{\"@type\":\"ListItem\",\"position\":3,\"name\":\"SINEPE-PI discute Conven\u00e7\u00e3o Coletiva de Trabalho e Programa Educacional de Resist\u00eancia \u00e0s Drogas em Assembleia Geral\"}]},{\"@type\":\"WebSite\",\"@id\":\"https:\\\/\\\/www.sinepe-pi.org.br\\\/site\\\/#website\",\"url\":\"https:\\\/\\\/www.sinepe-pi.org.br\\\/site\\\/\",\"name\":\"SINEPE-PI - Sindicato dos Estabelecimentos de Ensino do Piau\u00ed\",\"description\":\"Constitu\u00eddo como entidade sindical em 1985, o Sindicato dos Estabelecimentos de Ensino do Estado do Piau\u00ed \u2013 SINEPE\\\/PI, tem sua sede e foro na cidade de Teresina e base territorial no Estado do Piau\u00ed, com o objetivo de organizar, representar e fortalecer as escolas e faculdades particulares do Piau\u00ed. H\u00e1 31 anos, o Sindicato \u00e9 portanto, leg\u00edtimo representante das institui\u00e7\u00f5es de ensino da rede privada nesta unidade federada.\",\"publisher\":{\"@id\":\"https:\\\/\\\/www.sinepe-pi.org.br\\\/site\\\/#organization\"},\"potentialAction\":[{\"@type\":\"SearchAction\",\"target\":{\"@type\":\"EntryPoint\",\"urlTemplate\":\"https:\\\/\\\/www.sinepe-pi.org.br\\\/site\\\/?s={search_term_string}\"},\"query-input\":{\"@type\":\"PropertyValueSpecification\",\"valueRequired\":true,\"valueName\":\"search_term_string\"}}],\"inLanguage\":\"pt-BR\"},{\"@type\":\"Organization\",\"@id\":\"https:\\\/\\\/www.sinepe-pi.org.br\\\/site\\\/#organization\",\"name\":\"Sindicato das Institui\u00e7\u00f5es de Ensino do Estado do Piau\u00ed\",\"url\":\"https:\\\/\\\/www.sinepe-pi.org.br\\\/site\\\/\",\"logo\":{\"@type\":\"ImageObject\",\"inLanguage\":\"pt-BR\",\"@id\":\"https:\\\/\\\/www.sinepe-pi.org.br\\\/site\\\/#\\\/schema\\\/logo\\\/image\\\/\",\"url\":\"https:\\\/\\\/www.sinepe-pi.org.br\\\/site\\\/wp-content\\\/uploads\\\/2022\\\/03\\\/cropped-sinepe-frente.fw_-1-1.png\",\"contentUrl\":\"https:\\\/\\\/www.sinepe-pi.org.br\\\/site\\\/wp-content\\\/uploads\\\/2022\\\/03\\\/cropped-sinepe-frente.fw_-1-1.png\",\"width\":512,\"height\":512,\"caption\":\"Sindicato das Institui\u00e7\u00f5es de Ensino do Estado do Piau\u00ed\"},\"image\":{\"@id\":\"https:\\\/\\\/www.sinepe-pi.org.br\\\/site\\\/#\\\/schema\\\/logo\\\/image\\\/\"},\"sameAs\":[\"https:\\\/\\\/web.facebook.com\\\/sinepepiaui\",\"https:\\\/\\\/www.instagram.com\\\/sinepepiaui\\\/\"]}]}<\/script>\n<!-- \/ Yoast SEO plugin. -->","yoast_head_json":{"title":"SINEPE-PI discute Conven\u00e7\u00e3o Coletiva de Trabalho e Programa Educacional de Resist\u00eancia \u00e0s Drogas em Assembleia Geral - SINEPE-PI - Sindicato dos Estabelecimentos de Ensino do Piau\u00ed","robots":{"index":"index","follow":"follow","max-snippet":"max-snippet:-1","max-image-preview":"max-image-preview:large","max-video-preview":"max-video-preview:-1"},"canonical":"https:\/\/www.sinepe-pi.org.br\/site\/noticias\/sinepe-pi-discute-convencao-coletiva-de-trabalho-e-programa-educacional-de-resistencia-as-drogas-em-assembleia-geral\/","og_locale":"pt_BR","og_type":"article","og_title":"SINEPE-PI discute Conven\u00e7\u00e3o Coletiva de Trabalho e Programa Educacional de Resist\u00eancia \u00e0s Drogas em Assembleia Geral - SINEPE-PI - Sindicato dos Estabelecimentos de Ensino do Piau\u00ed","og_description":"Na noite desta quinta-feira (23), o Sindicato dos Estabelecimentos de Ensino do Estado do Piau\u00ed (SINEPE-PI) realizou a segunda Assembleia Geral de 2023. Durante a reuni\u00e3o, foram discutidos diversos temas, incluindo a Conven\u00e7\u00e3o Coletiva de Trabalho para o per\u00edodo de 2023 a 2024, o relato do presidente sobre sua participa\u00e7\u00e3o na reuni\u00e3o mensal da CONFENEN [&hellip;]","og_url":"https:\/\/www.sinepe-pi.org.br\/site\/noticias\/sinepe-pi-discute-convencao-coletiva-de-trabalho-e-programa-educacional-de-resistencia-as-drogas-em-assembleia-geral\/","og_site_name":"SINEPE-PI - Sindicato dos Estabelecimentos de Ensino do Piau\u00ed","article_publisher":"https:\/\/web.facebook.com\/sinepepiaui","article_modified_time":"2023-03-24T15:57:40+00:00","og_image":[{"width":1100,"height":500,"url":"https:\/\/www.sinepe-pi.org.br\/site\/wp-content\/uploads\/2023\/03\/sitecerto-1.png","type":"image\/png"}],"twitter_card":"summary_large_image","twitter_misc":{"Est. tempo de leitura":"2 minutos"},"schema":{"@context":"https:\/\/schema.org","@graph":[{"@type":"WebPage","@id":"https:\/\/www.sinepe-pi.org.br\/site\/noticias\/sinepe-pi-discute-convencao-coletiva-de-trabalho-e-programa-educacional-de-resistencia-as-drogas-em-assembleia-geral\/","url":"https:\/\/www.sinepe-pi.org.br\/site\/noticias\/sinepe-pi-discute-convencao-coletiva-de-trabalho-e-programa-educacional-de-resistencia-as-drogas-em-assembleia-geral\/","name":"SINEPE-PI discute Conven\u00e7\u00e3o Coletiva de Trabalho e Programa Educacional de Resist\u00eancia \u00e0s Drogas em Assembleia Geral - SINEPE-PI - Sindicato dos Estabelecimentos de Ensino do Piau\u00ed","isPartOf":{"@id":"https:\/\/www.sinepe-pi.org.br\/site\/#website"},"primaryImageOfPage":{"@id":"https:\/\/www.sinepe-pi.org.br\/site\/noticias\/sinepe-pi-discute-convencao-coletiva-de-trabalho-e-programa-educacional-de-resistencia-as-drogas-em-assembleia-geral\/#primaryimage"},"image":{"@id":"https:\/\/www.sinepe-pi.org.br\/site\/noticias\/sinepe-pi-discute-convencao-coletiva-de-trabalho-e-programa-educacional-de-resistencia-as-drogas-em-assembleia-geral\/#primaryimage"},"thumbnailUrl":"https:\/\/www.sinepe-pi.org.br\/site\/wp-content\/uploads\/2023\/03\/sitecerto-1.png","datePublished":"2023-03-24T15:57:36+00:00","dateModified":"2023-03-24T15:57:40+00:00","breadcrumb":{"@id":"https:\/\/www.sinepe-pi.org.br\/site\/noticias\/sinepe-pi-discute-convencao-coletiva-de-trabalho-e-programa-educacional-de-resistencia-as-drogas-em-assembleia-geral\/#breadcrumb"},"inLanguage":"pt-BR","potentialAction":[{"@type":"ReadAction","target":["https:\/\/www.sinepe-pi.org.br\/site\/noticias\/sinepe-pi-discute-convencao-coletiva-de-trabalho-e-programa-educacional-de-resistencia-as-drogas-em-assembleia-geral\/"]}]},{"@type":"ImageObject","inLanguage":"pt-BR","@id":"https:\/\/www.sinepe-pi.org.br\/site\/noticias\/sinepe-pi-discute-convencao-coletiva-de-trabalho-e-programa-educacional-de-resistencia-as-drogas-em-assembleia-geral\/#primaryimage","url":"https:\/\/www.sinepe-pi.org.br\/site\/wp-content\/uploads\/2023\/03\/sitecerto-1.png","contentUrl":"https:\/\/www.sinepe-pi.org.br\/site\/wp-content\/uploads\/2023\/03\/sitecerto-1.png","width":1100,"height":500},{"@type":"BreadcrumbList","@id":"https:\/\/www.sinepe-pi.org.br\/site\/noticias\/sinepe-pi-discute-convencao-coletiva-de-trabalho-e-programa-educacional-de-resistencia-as-drogas-em-assembleia-geral\/#breadcrumb","itemListElement":[{"@type":"ListItem","position":1,"name":"P\u00e1gina Inicial","item":"https:\/\/www.sinepe-pi.org.br\/site\/"},{"@type":"ListItem","position":2,"name":"Noticias","item":"https:\/\/www.sinepe-pi.org.br\/site\/noticias\/"},{"@type":"ListItem","position":3,"name":"SINEPE-PI discute Conven\u00e7\u00e3o Coletiva de Trabalho e Programa Educacional de Resist\u00eancia \u00e0s Drogas em Assembleia Geral"}]},{"@type":"WebSite","@id":"https:\/\/www.sinepe-pi.org.br\/site\/#website","url":"https:\/\/www.sinepe-pi.org.br\/site\/","name":"SINEPE-PI - Sindicato dos Estabelecimentos de Ensino do Piau\u00ed","description":"Constitu\u00eddo como entidade sindical em 1985, o Sindicato dos Estabelecimentos de Ensino do Estado do Piau\u00ed \u2013 SINEPE\/PI, tem sua sede e foro na cidade de Teresina e base territorial no Estado do Piau\u00ed, com o objetivo de organizar, representar e fortalecer as escolas e faculdades particulares do Piau\u00ed. H\u00e1 31 anos, o Sindicato \u00e9 portanto, leg\u00edtimo representante das institui\u00e7\u00f5es de ensino da rede privada nesta unidade federada.","publisher":{"@id":"https:\/\/www.sinepe-pi.org.br\/site\/#organization"},"potentialAction":[{"@type":"SearchAction","target":{"@type":"EntryPoint","urlTemplate":"https:\/\/www.sinepe-pi.org.br\/site\/?s={search_term_string}"},"query-input":{"@type":"PropertyValueSpecification","valueRequired":true,"valueName":"search_term_string"}}],"inLanguage":"pt-BR"},{"@type":"Organization","@id":"https:\/\/www.sinepe-pi.org.br\/site\/#organization","name":"Sindicato das Institui\u00e7\u00f5es de Ensino do Estado do Piau\u00ed","url":"https:\/\/www.sinepe-pi.org.br\/site\/","logo":{"@type":"ImageObject","inLanguage":"pt-BR","@id":"https:\/\/www.sinepe-pi.org.br\/site\/#\/schema\/logo\/image\/","url":"https:\/\/www.sinepe-pi.org.br\/site\/wp-content\/uploads\/2022\/03\/cropped-sinepe-frente.fw_-1-1.png","contentUrl":"https:\/\/www.sinepe-pi.org.br\/site\/wp-content\/uploads\/2022\/03\/cropped-sinepe-frente.fw_-1-1.png","width":512,"height":512,"caption":"Sindicato das Institui\u00e7\u00f5es de Ensino do Estado do Piau\u00ed"},"image":{"@id":"https:\/\/www.sinepe-pi.org.br\/site\/#\/schema\/logo\/image\/"},"sameAs":["https:\/\/web.facebook.com\/sinepepiaui","https:\/\/www.instagram.com\/sinepepiaui\/"]}]}},"_links":{"self":[{"href":"https:\/\/www.sinepe-pi.org.br\/site\/wp-json\/wp\/v2\/noticias\/107231","targetHints":{"allow":["GET"]}}],"collection":[{"href":"https:\/\/www.sinepe-pi.org.br\/site\/wp-json\/wp\/v2\/noticias"}],"about":[{"href":"https:\/\/www.sinepe-pi.org.br\/site\/wp-json\/wp\/v2\/types\/noticias"}],"version-history":[{"count":0,"href":"https:\/\/www.sinepe-pi.org.br\/site\/wp-json\/wp\/v2\/noticias\/107231\/revisions"}],"wp:featuredmedia":[{"embeddable":true,"href":"https:\/\/www.sinepe-pi.org.br\/site\/wp-json\/wp\/v2\/media\/107232"}],"wp:attachment":[{"href":"https:\/\/www.sinepe-pi.org.br\/site\/wp-json\/wp\/v2\/media?parent=107231"}],"curies":[{"name":"wp","href":"https:\/\/api.w.org\/{rel}","templated":true}]}}